{"id":770,"date":"2020-12-08T09:00:40","date_gmt":"2020-12-08T08:00:40","guid":{"rendered":"https:\/\/www.koehn-daecher.de\/?p=770"},"modified":"2020-12-04T12:14:22","modified_gmt":"2020-12-04T11:14:22","slug":"aktionsplan-ausbildung-fuer-niedersachsen","status":"publish","type":"post","link":"https:\/\/www.koehn-daecher.de\/?p=770","title":{"rendered":"Aktionsplan Ausbildung f\u00fcr Niedersachsen"},"content":{"rendered":"<p>Die duale Berufsausbildung ebnet vielen jungen Menschen den Weg in eine sichere und gut bezahlte Arbeit und ist zugleich der Schl\u00fcssel gegen den Fachkr\u00e4ftemangel. Rund die H\u00e4lfte aller Sch\u00fclerinnen und Sch\u00fcler in Niedersachsen beginnen nach ihrer schulischen Laufbahn eine berufliche Ausbildung. Dieses erfolgreiche System ist durch die Covid 19-Pandemie unter Druck geraten.<\/p>\n<p>Mit einem<strong> \u201eAktionsplan Ausbildung\u201c f\u00fcr Niedersachsen<\/strong> will die Landesregierung bestehende Ausbildungspl\u00e4tze sch\u00fctzen und neue Ausbildungsvertr\u00e4ge f\u00f6rdern, gibt die <a href=\"https:\/\/www.hwk-aurich.de\/\">Handwerkskammer f\u00fcr Ostfriesland<\/a> in ihrem Newsletter bekannt. 18 Millionen Euro hat das Land daf\u00fcr bereitgestellt. Die Antragstellung bei der <a href=\"https:\/\/www.nbank.de\/\">NBank<\/a>\u00a0 ist ab sofort m\u00f6glich.<\/p>\n<p><strong>Ausbildungsbetriebe<\/strong> k\u00f6nnen eine <strong>Pr\u00e4mie von 500 Euro<\/strong> erhalten, wenn sie die <strong>Ausbildungsvertr\u00e4ge<\/strong> <strong>verl\u00e4ngern<\/strong>, weil die Abschlusspr\u00fcfung pandemiebedingt verschoben wurde und nicht innerhalb der regul\u00e4ren Ausbildungsdauer abgelegt werden kann oder weil die Pr\u00fcfungsteilnehmenden durch die Pr\u00fcfung fallen.<\/p>\n<p>Betriebe, die nicht im Sinne der Bundesf\u00f6rderung in erheblichen Umfang von der Covid-19-Pandemie betroffen seien und dennoch <strong>zus\u00e4tzliche Ausbildungspl\u00e4tze<\/strong> geschaffen haben, k\u00f6nnen eine <strong>Einmalzahlung in H\u00f6he von 1.000 Euro<\/strong> erhalten, sofern die Probezeit erfolgreich beendet wurde. Damit erg\u00e4nzt das Land die Ma\u00dfnahmen des Bundes f\u00fcr kleine und mittlere Unternehmen, hei\u00dft es im Newsletter.<\/p>\n<p><strong>Auszubildende<\/strong>, die mindestens <strong>eine Stunde oder 45 Kilometer<\/strong> zur Arbeit fahren m\u00fcssen, erhalten ebenfalls eine F\u00f6rderung. Ihre Mobilit\u00e4t und Flexibilit\u00e4t wird mit einer <strong>Pr\u00e4mie in H\u00f6he von 500 Euro<\/strong> honoriert. Dieselbe Leistung erhalten Jugendliche, die auf Grund dieser Entfernung umziehen. Die Probezeit muss vor Beantragung erfolgreich absolviert sein.<\/p>\n","protected":false},"excerpt":{"rendered":"<p>Die duale Berufsausbildung ebnet vielen jungen Menschen den Weg in eine sichere und gut bezahlte Arbeit und ist zugleich der Schl\u00fcssel gegen den Fachkr\u00e4ftemangel. Rund die H\u00e4lfte aller Sch\u00fclerinnen und Sch\u00fcler in Niedersachsen beginnen nach ihrer schulischen Laufbahn eine berufliche Ausbildung. Dieses erfolgreiche System ist durch die Covid 19-Pandemie unter Druck geraten. Mit einem \u201eAktionsplan [&hellip;]<\/p>\n","protected":false},"author":2,"featured_media":0,"comment_status":"closed","ping_status":"closed","sticky":false,"template":"","format":"standard","meta":{"jetpack_post_was_ever_published":false,"jetpack_publicize_message":"","jetpack_is_tweetstorm":false,"jetpack_publicize_feature_enabled":true,"jetpack_social_options":[]},"categories":[1],"tags":[],"jetpack_publicize_connections":[],"jetpack_featured_media_url":"","jetpack_sharing_enabled":true,"jetpack_shortlink":"https:\/\/wp.me\/p9E2V7-cq","_links":{"self":[{"href":"https:\/\/www.koehn-daecher.de\/index.php?rest_route=\/wp\/v2\/posts\/770"}],"collection":[{"href":"https:\/\/www.koehn-daecher.de\/index.php?rest_route=\/wp\/v2\/posts"}],"about":[{"href":"https:\/\/www.koehn-daecher.de\/index.php?rest_route=\/wp\/v2\/types\/post"}],"author":[{"embeddable":true,"href":"https:\/\/www.koehn-daecher.de\/index.php?rest_route=\/wp\/v2\/users\/2"}],"replies":[{"embeddable":true,"href":"https:\/\/www.koehn-daecher.de\/index.php?rest_route=%2Fwp%2Fv2%2Fcomments&post=770"}],"version-history":[{"count":1,"href":"https:\/\/www.koehn-daecher.de\/index.php?rest_route=\/wp\/v2\/posts\/770\/revisions"}],"predecessor-version":[{"id":771,"href":"https:\/\/www.koehn-daecher.de\/index.php?rest_route=\/wp\/v2\/posts\/770\/revisions\/771"}],"wp:attachment":[{"href":"https:\/\/www.koehn-daecher.de\/index.php?rest_route=%2Fwp%2Fv2%2Fmedia&parent=770"}],"wp:term":[{"taxonomy":"category","embeddable":true,"href":"https:\/\/www.koehn-daecher.de\/index.php?rest_route=%2Fwp%2Fv2%2Fcategories&post=770"},{"taxonomy":"post_tag","embeddable":true,"href":"https:\/\/www.koehn-daecher.de\/index.php?rest_route=%2Fwp%2Fv2%2Ftags&post=770"}],"curies":[{"name":"wp","href":"https:\/\/api.w.org\/{rel}","templated":true}]}}