{"id":691,"date":"2020-10-26T09:00:29","date_gmt":"2020-10-26T08:00:29","guid":{"rendered":"https:\/\/www.koehn-daecher.de\/?p=691"},"modified":"2020-10-24T13:37:51","modified_gmt":"2020-10-24T11:37:51","slug":"ausbildung-zum-r-dachdecker-in","status":"publish","type":"post","link":"https:\/\/www.koehn-daecher.de\/?p=691","title":{"rendered":"Ausbildung zum\/r Dachdecker\/in"},"content":{"rendered":"<p>Seit \u00fcber 30 Jahren bilden wir in unserem Betrieb (vorher Rosenboom) Jugendliche zum Dachdecker aus. Eine der Hauptanforderungen an einen Dachdecker ist es, keine H\u00f6henangst zu haben und schwindelfrei zu sein, denn schlie\u00dflich befindet sich ein Dachdecker, wie der Name schon sagt, \u00fcberwiegend auf dem Dach.<\/p>\n<p>Die Ausbildung dauert drei Jahre und es kommt nicht nur k\u00f6rperliche Arbeit auf die Auszubildenden zu, sondern auch sehr viel Theorie. So geht es im ersten Lehrjahr zweimal w\u00f6chentlich zur Berufsschule nach Emden, im zweiten und dritten Lehrjahr noch einmal pro Woche. Zus\u00e4tzlich gibt es in der gesamten Ausbildung mehrw\u00f6chige Lehrg\u00e4nge, in denen fachspezifische Kenntnisse in Theorie und Praxis vermittelt werden. Hier stehen Themen wie Holz- und Metalltechnik, Techniken f\u00fcr Flachdach- und Stahldachbau, Wand- und Fassadenarbeiten und weiteres auf dem Lehrplan. In den Kursen werden zudem der Umgang und die dazugeh\u00f6rigen Handwerkstechniken mit verschiedenen Werkstoffen wie Metall, Schiefer, Dachziegel, Zement, Holz und Stein gelehrt. Hier bieten wir f\u00fcr unseren Nachwuchs selbstverst\u00e4ndlich Nachhilfe an, sofern es n\u00f6tig ist. Schlie\u00dflich wollen wir, dass sich unser Azubi wohl f\u00fchlt und in der Schule mitkommt.<\/p>\n<p>Im ersten Ausbildungsjahr arbeitet der Auszubildende den Gesellen zu. Mit der Zeit werden ihnen aber immer mehr Arbeiten zugeteilt. Wichtig ist uns, dass sich die Leute untereinander gut verstehen. Es komme auch nicht auf das Ausbildungsjahr an, was der Azubi schon machen darf und kann, sondern eher auf die F\u00e4higkeiten des Einzelnen. Wichtig sind uns bei einem Auszubildenden dabei weniger die Schulzeugnisse, vielmehr muss der Jugendliche sympathisch sein, Spa\u00df an k\u00f6rperlicher Arbeit haben und handwerklich begabt sein. Der Rest kommt dann von selbst.<\/p>\n<p>Wer nun Lust auf den Beruf bekommen hat, kann sich gerne mit uns in Verbindung setzen. Auch Jugendliche, die gerne mal in das Handwerk hineinschnuppern m\u00f6chten, k\u00f6nnen uns gerne anrufen. Wir freuen uns \u00fcber jeden der sich f\u00fcr das spannende Aufgabengebiet interessiert.<\/p>\n<p>Die Chance, nach der Lehrzeit in ein festes Arbeitsverh\u00e4ltnis \u00fcbernommen zu werden, ist auch sehr gro\u00df, denn die Arbeit geht auf der Insel nicht aus.<\/p>\n","protected":false},"excerpt":{"rendered":"<p>Seit \u00fcber 30 Jahren bilden wir in unserem Betrieb (vorher Rosenboom) Jugendliche zum Dachdecker aus. Eine der Hauptanforderungen an einen Dachdecker ist es, keine H\u00f6henangst zu haben und schwindelfrei zu sein, denn schlie\u00dflich befindet sich ein Dachdecker, wie der Name schon sagt, \u00fcberwiegend auf dem Dach. Die Ausbildung dauert drei Jahre und es kommt nicht [&hellip;]<\/p>\n","protected":false},"author":2,"featured_media":692,"comment_status":"closed","ping_status":"closed","sticky":false,"template":"","format":"standard","meta":{"jetpack_post_was_ever_published":false,"jetpack_publicize_message":"","jetpack_is_tweetstorm":false,"jetpack_publicize_feature_enabled":true,"jetpack_social_options":[]},"categories":[1],"tags":[],"jetpack_publicize_connections":[],"jetpack_featured_media_url":"https:\/\/www.koehn-daecher.de\/wp-content\/uploads\/2020\/10\/DachdeckerAzubi.jpg","jetpack_sharing_enabled":true,"jetpack_shortlink":"https:\/\/wp.me\/p9E2V7-b9","_links":{"self":[{"href":"https:\/\/www.koehn-daecher.de\/index.php?rest_route=\/wp\/v2\/posts\/691"}],"collection":[{"href":"https:\/\/www.koehn-daecher.de\/index.php?rest_route=\/wp\/v2\/posts"}],"about":[{"href":"https:\/\/www.koehn-daecher.de\/index.php?rest_route=\/wp\/v2\/types\/post"}],"author":[{"embeddable":true,"href":"https:\/\/www.koehn-daecher.de\/index.php?rest_route=\/wp\/v2\/users\/2"}],"replies":[{"embeddable":true,"href":"https:\/\/www.koehn-daecher.de\/index.php?rest_route=%2Fwp%2Fv2%2Fcomments&post=691"}],"version-history":[{"count":2,"href":"https:\/\/www.koehn-daecher.de\/index.php?rest_route=\/wp\/v2\/posts\/691\/revisions"}],"predecessor-version":[{"id":694,"href":"https:\/\/www.koehn-daecher.de\/index.php?rest_route=\/wp\/v2\/posts\/691\/revisions\/694"}],"wp:featuredmedia":[{"embeddable":true,"href":"https:\/\/www.koehn-daecher.de\/index.php?rest_route=\/wp\/v2\/media\/692"}],"wp:attachment":[{"href":"https:\/\/www.koehn-daecher.de\/index.php?rest_route=%2Fwp%2Fv2%2Fmedia&parent=691"}],"wp:term":[{"taxonomy":"category","embeddable":true,"href":"https:\/\/www.koehn-daecher.de\/index.php?rest_route=%2Fwp%2Fv2%2Fcategories&post=691"},{"taxonomy":"post_tag","embeddable":true,"href":"https:\/\/www.koehn-daecher.de\/index.php?rest_route=%2Fwp%2Fv2%2Ftags&post=691"}],"curies":[{"name":"wp","href":"https:\/\/api.w.org\/{rel}","templated":true}]}}