{"id":683,"date":"2020-10-21T09:00:50","date_gmt":"2020-10-21T07:00:50","guid":{"rendered":"https:\/\/www.koehn-daecher.de\/?p=683"},"modified":"2020-10-19T11:44:46","modified_gmt":"2020-10-19T09:44:46","slug":"sanierung-kurtheater","status":"publish","type":"post","link":"https:\/\/www.koehn-daecher.de\/?p=683","title":{"rendered":"Sanierung Kurtheater"},"content":{"rendered":"<p>Vor knapp einem Jahr musste das Kurtheater aufgrund von Rissen an der Giebelwand und im Mauerwerk geschlossen werden. Vor wenigen Tagen wurde mit der Vorbereitung der Sanierungsarbeiten begonnen. Dazu stellten wir zur Sicherung des betroffenen Mauerwerks und der Stahltr\u00e4ger \u00fcber der B\u00fchne ein Ger\u00fcst auf, mit dem der wertvolle Stuck gesichert werden soll. Nun geht es aktuell an die eigentliche Sanierung, die etwa bis zum Fr\u00fchjahr 2021 andauern wird. Dann k\u00f6nnen wir hoffentlich alle wieder sch\u00f6ne Kino- oder Theaterabende in dem historischen Geb\u00e4ude aus dem Jahr 1893 verbringen.<\/p>\n<p class=\"jetpack-slideshow-noscript robots-nocontent\">Diese Diashow ben\u00f6tigt JavaScript.<\/p><div id=\"gallery-683-1-slideshow\" class=\"jetpack-slideshow-window jetpack-slideshow jetpack-slideshow-black\" data-trans=\"fade\" data-autostart=\"1\" data-gallery=\"[{&quot;src&quot;:&quot;https:\\\/\\\/www.koehn-daecher.de\\\/wp-content\\\/uploads\\\/2020\\\/10\\\/KTGeruest1.jpg&quot;,&quot;id&quot;:&quot;684&quot;,&quot;title&quot;:&quot;KTGeruest1&quot;,&quot;alt&quot;:&quot;&quot;,&quot;caption&quot;:&quot;&quot;,&quot;itemprop&quot;:&quot;image&quot;},{&quot;src&quot;:&quot;https:\\\/\\\/www.koehn-daecher.de\\\/wp-content\\\/uploads\\\/2020\\\/10\\\/KTGeruest2.jpg&quot;,&quot;id&quot;:&quot;685&quot;,&quot;title&quot;:&quot;KTGeruest2&quot;,&quot;alt&quot;:&quot;&quot;,&quot;caption&quot;:&quot;&quot;,&quot;itemprop&quot;:&quot;image&quot;}]\" itemscope itemtype=\"https:\/\/schema.org\/ImageGallery\"><\/div>\n","protected":false},"excerpt":{"rendered":"<p>Vor knapp einem Jahr musste das Kurtheater aufgrund von Rissen an der Giebelwand und im Mauerwerk geschlossen werden. Vor wenigen Tagen wurde mit der Vorbereitung der Sanierungsarbeiten begonnen. Dazu stellten wir zur Sicherung des betroffenen Mauerwerks und der Stahltr\u00e4ger \u00fcber der B\u00fchne ein Ger\u00fcst auf, mit dem der wertvolle Stuck gesichert werden soll. Nun geht [&hellip;]<\/p>\n","protected":false},"author":2,"featured_media":684,"comment_status":"closed","ping_status":"closed","sticky":false,"template":"","format":"standard","meta":{"jetpack_post_was_ever_published":false,"jetpack_publicize_message":"","jetpack_is_tweetstorm":false,"jetpack_publicize_feature_enabled":true,"jetpack_social_options":[]},"categories":[1],"tags":[],"jetpack_publicize_connections":[],"jetpack_featured_media_url":"https:\/\/www.koehn-daecher.de\/wp-content\/uploads\/2020\/10\/KTGeruest1.jpg","jetpack_sharing_enabled":true,"jetpack_shortlink":"https:\/\/wp.me\/p9E2V7-b1","_links":{"self":[{"href":"https:\/\/www.koehn-daecher.de\/index.php?rest_route=\/wp\/v2\/posts\/683"}],"collection":[{"href":"https:\/\/www.koehn-daecher.de\/index.php?rest_route=\/wp\/v2\/posts"}],"about":[{"href":"https:\/\/www.koehn-daecher.de\/index.php?rest_route=\/wp\/v2\/types\/post"}],"author":[{"embeddable":true,"href":"https:\/\/www.koehn-daecher.de\/index.php?rest_route=\/wp\/v2\/users\/2"}],"replies":[{"embeddable":true,"href":"https:\/\/www.koehn-daecher.de\/index.php?rest_route=%2Fwp%2Fv2%2Fcomments&post=683"}],"version-history":[{"count":1,"href":"https:\/\/www.koehn-daecher.de\/index.php?rest_route=\/wp\/v2\/posts\/683\/revisions"}],"predecessor-version":[{"id":686,"href":"https:\/\/www.koehn-daecher.de\/index.php?rest_route=\/wp\/v2\/posts\/683\/revisions\/686"}],"wp:featuredmedia":[{"embeddable":true,"href":"https:\/\/www.koehn-daecher.de\/index.php?rest_route=\/wp\/v2\/media\/684"}],"wp:attachment":[{"href":"https:\/\/www.koehn-daecher.de\/index.php?rest_route=%2Fwp%2Fv2%2Fmedia&parent=683"}],"wp:term":[{"taxonomy":"category","embeddable":true,"href":"https:\/\/www.koehn-daecher.de\/index.php?rest_route=%2Fwp%2Fv2%2Fcategories&post=683"},{"taxonomy":"post_tag","embeddable":true,"href":"https:\/\/www.koehn-daecher.de\/index.php?rest_route=%2Fwp%2Fv2%2Ftags&post=683"}],"curies":[{"name":"wp","href":"https:\/\/api.w.org\/{rel}","templated":true}]}}